{"id":20403,"date":"2026-03-10T12:45:12","date_gmt":"2026-03-10T11:45:12","guid":{"rendered":"https:\/\/www.rentacarsanfernando.com\/?p=20403"},"modified":"2025-07-11T14:14:37","modified_gmt":"2025-07-11T12:14:37","slug":"zugang-zum-strand-von-ses-illetes-auf-formentera-alles-was-du-wissen-musst","status":"publish","type":"post","link":"https:\/\/www.rentacarsanfernando.com\/de\/zugang-zum-strand-von-ses-illetes-auf-formentera-alles-was-du-wissen-musst\/","title":{"rendered":"Zugang zum strand von Ses Illetes auf Formentera: alles was du wissen musst"},"content":{"rendered":"\n<p>Der<strong> Strand von Ses Illetes<\/strong>, bekannt f\u00fcr seinen wei\u00dfen Sand und kristallklares Wasser, ist eines der meistbesuchten Ziele auf Formentera. Aufgrund seiner Lage im <strong>Naturpark Ses Salines<\/strong> und der angewendeten Nachhaltigkeitsma\u00dfnahmen ist der Zugang zum Strand jedoch geregelt, insbesondere w\u00e4hrend der Hochsaison.<\/p>\n\n\n\n<p>Wenn du planst, Ses Illetes zu besuchen, ist es eine ausgezeichnete Option, ein Auto oder Motorrad bei <a href=\"https:\/\/www.rentacarsanfernando.com\/de\/\">Rent a Car San Fernando<\/a> zu mieten. Mit uns kannst du die Flexibilit\u00e4t und den Komfort genie\u00dfen, dich auf der Insel ohne zus\u00e4tzliche Sorgen zu bewegen, da unsere Fahrzeuge die Verkehrsgeb\u00fchren enthalten und wir dir helfen, deine Erfahrung ohne Komplikationen bez\u00fcglich Parken und Zugang zu verwalten.<\/p>\n\n\n\n<h2 class=\"wp-block-heading\">Zugangsbeschr\u00e4nkungen zu Ses Illetes<\/h2>\n\n\n\n<h3 class=\"wp-block-heading\">Begrenzte kapazit\u00e4t<\/h3>\n\n\n\n<p>Der <strong>Strand von Ses Illetes<\/strong> hat eine <strong>begrenzte Kapazit\u00e4t<\/strong> sowohl f\u00fcr das Parken als auch f\u00fcr den Strand. Die verf\u00fcgbaren Parkpl\u00e4tze sind:<\/p>\n\n\n\n<ul class=\"wp-block-list\">\n<li><strong>Autos:<\/strong> 384 Pl\u00e4tze<\/li>\n\n\n\n<li><strong>Motorr\u00e4der:<\/strong> 1132 Pl\u00e4tze<\/li>\n<\/ul>\n\n\n\n<p>Es ist wichtig zu beachten, dass aufgrund der Beliebtheit des Strandes an Tagen mit hoher Besucherzahl das Kapazit\u00e4tslimit schnell erreicht sein kann. Daher wird empfohlen, fr\u00fch anzureisen, um einen Platz zu sichern.<\/p>\n\n\n\n<h3 class=\"wp-block-heading\">Regulierungszeiten<\/h3>\n\n\n\n<p>Die Zugangskontrolle zum Strand von <strong>Ses Illetes<\/strong> ist zu bestimmten Zeiten aktiv, die sich w\u00e4hrend der Saison \u00e4ndern. Die<strong> regulierten Zeiten<\/strong> gehen in der Regel von <strong>9:00 bis 17:00 Uhr<\/strong>, aber es ist wichtig, die aktuellen Informationen zu \u00fcberpr\u00fcfen, da sich die Zeiten je nach Saison oder lokalen Bedingungen \u00e4ndern k\u00f6nnen.<\/p>\n\n\n\n<h3 class=\"wp-block-heading\">Eingeschr\u00e4nkter Fahrzeugzugang<\/h3>\n\n\n\n<p>Um Zugang zu<strong> Ses Illetes<\/strong> zu erhalten, m\u00fcssen <strong>motorisierte Fahrzeuge<\/strong> bestimmten Vorschriften folgen. Es ist zwar m\u00f6glich, den Strand mit dem Auto oder Motorrad zu erreichen, jedoch gelten strengere Beschr\u00e4nkungen f\u00fcr Fahrzeuge wie Quads, deren Nutzung im Naturpark Ses Salines seit 2016 verboten ist.<\/p>\n\n\n\n<h3 class=\"wp-block-heading\">Parkgeb\u00fchren<\/h3>\n\n\n\n<p>Der Zugang zu Ses Illetes wird durch ein System von <strong>Parkgeb\u00fchren <\/strong>geregelt, die je nach Saison und Fahrzeugtyp variieren:<\/p>\n\n\n\n<ul class=\"wp-block-list\">\n<li><strong>Autos:<\/strong><br>\n<ul class=\"wp-block-list\">\n<li>Vom 10. Mai bis 15. Juni: 5 \u20ac\/Tag<\/li>\n\n\n\n<li>Vom 16. Juni bis 15. Juli: 6 \u20ac\/Tag<\/li>\n\n\n\n<li>Vom 16. Juli bis 31. August: 7 \u20ac\/Tag<\/li>\n\n\n\n<li>Vom 1. bis 15. September: 6 \u20ac\/Tag<\/li>\n\n\n\n<li>Vom 16. bis 30. September: 5 \u20ac\/Tag<\/li>\n\n\n\n<li>Vom 1. bis 15. Oktober: 5 \u20ac\/Tag<br><\/li>\n<\/ul>\n<\/li>\n\n\n\n<li><strong>Motorr\u00e4der:<\/strong><br>\n<ul class=\"wp-block-list\">\n<li>Vom 10. Mai bis 15. Juni: 3 \u20ac\/Tag<\/li>\n\n\n\n<li>Vom 16. Juni bis 15. Juli: 4 \u20ac\/Tag<\/li>\n\n\n\n<li>Vom 16. Juli bis 31. August: 5 \u20ac\/Tag<\/li>\n\n\n\n<li>Vom 1. bis 15. September: 4 \u20ac\/Tag<\/li>\n\n\n\n<li>Vom 16. bis 30. September: 3 \u20ac\/Tag<\/li>\n\n\n\n<li>Vom 1. bis 15. Oktober: 3 \u20ac\/Tag<\/li>\n<\/ul>\n<\/li>\n<\/ul>\n\n\n\n<p>Es ist wichtig, die Geb\u00fchren zu beachten und deine Anreise zu planen, um \u00dcberraschungen zu vermeiden, insbesondere w\u00e4hrend der Hochsaison.<\/p>\n\n\n\n<h2 class=\"wp-block-heading\">Empfehlungen f\u00fcr deinen Besuch<\/h2>\n\n\n\n<h3 class=\"wp-block-heading\">Besuch w\u00e4hrend weniger frequentierter Stunden<\/h3>\n\n\n\n<p>Der Strand von <strong>Ses Illetes<\/strong> ist besonders w\u00e4hrend der Mittagszeit (10:00 bis 18:00 Uhr) sehr beliebt. Es wird empfohlen, diese Stunden zu vermeiden, um lange Wartezeiten beim Zugang und Parken zu verhindern. Fr\u00fch anzukommen oder am Ende des Tages zu kommen, ist eine ausgezeichnete Option, um den Strand in Ruhe zu genie\u00dfen.<\/p>\n\n\n\n<h3 class=\"wp-block-heading\">Andere nahegelegene Str\u00e4nde in Betracht ziehen<\/h3>\n\n\n\n<p>Falls du keinen Parkplatz in <strong>Ses Illetes<\/strong> findest oder eine ruhigere Umgebung bevorzugst, kannst du auch andere nahegelegene Str\u00e4nde wie <strong>Platja de Migjorn, Es Cal\u00f3 oder Llevant<\/strong> in Betracht ziehen. Diese Str\u00e4nde sind ebenfalls sehr sch\u00f6n und oft weniger \u00fcberlaufen, was dir erm\u00f6glicht, die Sch\u00f6nheit von Formentera in einer entspannteren Atmosph\u00e4re zu genie\u00dfen.<\/p>\n\n\n\n<h3 class=\"wp-block-heading\">Aktuelle Informationen einholen<\/h3>\n\n\n\n<p>Da sich die Vorschriften und Geb\u00fchren \u00e4ndern k\u00f6nnen, ist es ratsam, die <strong>neuesten Informationen<\/strong> vor deinem Besuch zu \u00fcberpr\u00fcfen. Das hilft dir, deine Anreise zu planen und sicherzustellen, dass du die lokalen Vorschriften einh\u00e4ltst.<\/p>\n\n\n\n<p>Wenn du planst, <strong>Ses Illetes<\/strong> zu besuchen, ist es wichtig, die Zugangsbeschr\u00e4nkungen, Parkgeb\u00fchren und die besten Zeiten zur Vermeidung von Menschenmengen zu kennen. Indem du diese Empfehlungen befolgst, kannst du einen der sch\u00f6nsten Str\u00e4nde von Formentera problemlos genie\u00dfen. Denke daran, dass alternative Transportm\u00f6glichkeiten wie zu Fu\u00df gehen oder mit dem Fahrrad fahren perfekt sind, wenn du die Insel auf eine umweltfreundlichere und entspannendere Weise erleben m\u00f6chtest.<\/p>\n","protected":false},"excerpt":{"rendered":"<p>Der Strand von Ses Illetes, bekannt f\u00fcr seinen wei\u00dfen Sand und kristallklares Wasser, ist eines der meistbesuchten Ziele auf Formentera. Aufgrund seiner Lage im Naturpark Ses Salines und der angewendeten Nachhaltigkeitsma\u00dfnahmen ist der Zugang zum Strand jedoch geregelt, insbesondere w\u00e4hrend der Hochsaison. Wenn du planst, Ses Illetes zu besuchen, ist es eine ausgezeichnete Option, ein [&hellip;]<\/p>\n","protected":false},"author":5,"featured_media":20390,"comment_status":"closed","ping_status":"closed","sticky":false,"template":"","format":"standard","meta":{"_acf_changed":false,"footnotes":""},"categories":[127],"tags":[],"class_list":["post-20403","post","type-post","status-publish","format-standard","has-post-thumbnail","hentry","category-unkategorisiert"],"acf":[],"_links":{"self":[{"href":"https:\/\/www.rentacarsanfernando.com\/de\/wp-json\/wp\/v2\/posts\/20403","targetHints":{"allow":["GET"]}}],"collection":[{"href":"https:\/\/www.rentacarsanfernando.com\/de\/wp-json\/wp\/v2\/posts"}],"about":[{"href":"https:\/\/www.rentacarsanfernando.com\/de\/wp-json\/wp\/v2\/types\/post"}],"author":[{"embeddable":true,"href":"https:\/\/www.rentacarsanfernando.com\/de\/wp-json\/wp\/v2\/users\/5"}],"replies":[{"embeddable":true,"href":"https:\/\/www.rentacarsanfernando.com\/de\/wp-json\/wp\/v2\/comments?post=20403"}],"version-history":[{"count":1,"href":"https:\/\/www.rentacarsanfernando.com\/de\/wp-json\/wp\/v2\/posts\/20403\/revisions"}],"predecessor-version":[{"id":20404,"href":"https:\/\/www.rentacarsanfernando.com\/de\/wp-json\/wp\/v2\/posts\/20403\/revisions\/20404"}],"wp:featuredmedia":[{"embeddable":true,"href":"https:\/\/www.rentacarsanfernando.com\/de\/wp-json\/wp\/v2\/media\/20390"}],"wp:attachment":[{"href":"https:\/\/www.rentacarsanfernando.com\/de\/wp-json\/wp\/v2\/media?parent=20403"}],"wp:term":[{"taxonomy":"category","embeddable":true,"href":"https:\/\/www.rentacarsanfernando.com\/de\/wp-json\/wp\/v2\/categories?post=20403"},{"taxonomy":"post_tag","embeddable":true,"href":"https:\/\/www.rentacarsanfernando.com\/de\/wp-json\/wp\/v2\/tags?post=20403"}],"curies":[{"name":"wp","href":"https:\/\/api.w.org\/{rel}","templated":true}]}}